{"id":6638,"date":"2026-09-03T13:22:40","date_gmt":"2026-09-03T11:22:40","guid":{"rendered":"https:\/\/redi-group.com\/vychodni-evropa-jako-strategicke-vyrobni-centrum-proc-je-mistni-odbornost-v-oblasti-kvality-rozhodujici\/"},"modified":"2026-09-03T15:21:51","modified_gmt":"2026-09-03T13:21:51","slug":"vychodni-evropa-jako-strategicke-vyrobni-centrum-proc-je-mistni-odbornost-v-oblasti-kvality-rozhodujici","status":"publish","type":"post","link":"https:\/\/redi-group.com\/cs\/vychodni-evropa-jako-strategicke-vyrobni-centrum-proc-je-mistni-odbornost-v-oblasti-kvality-rozhodujici\/","title":{"rendered":"V\u00fdchodn\u00ed Evropa jako strategick\u00e9 v\u00fdrobn\u00ed centrum: Pro\u010d je m\u00edstn\u00ed odbornost v oblasti kvality rozhoduj\u00edc\u00ed"},"content":{"rendered":"<p>V\u00fdchodn\u00ed Evropa se stala st\u00e1le d\u016fle\u017eit\u011bj\u0161\u00ed sou\u010d\u00e1st\u00ed evropsk\u00e9ho pr\u016fmyslov\u00e9ho prost\u0159ed\u00ed. Zaveden\u00e9 automobilov\u00e9 klastry, nov\u00e9 investice, nearshoring a p\u0159echod k nov\u00fdm technologi\u00edm posiluj\u00ed roli tohoto regionu v r\u00e1mci evropsk\u00fdch dodavatelsk\u00fdch \u0159et\u011bzc\u016f.<\/p>\n<p>Z\u00e1rove\u0148 s sebou rostouc\u00ed slo\u017eitost v pr\u016fmyslu p\u0159in\u00e1\u0161\u00ed nov\u00e9 v\u00fdzvy. Nov\u00e9 v\u00fdrobn\u00ed z\u00e1vody a s\u00edt\u011b dodavatel\u016f mus\u00ed rychle dos\u00e1hnout stabiln\u00ed \u00farovn\u011b kvality, zat\u00edmco v\u00fdrobci \u010del\u00ed nedostatku kvalifikovan\u00fdch pracovn\u00edk\u016f, n\u00e1ro\u010dn\u00fdm spou\u0161t\u011bc\u00edm f\u00e1z\u00edm v\u00fdroby a st\u00e1le slo\u017eit\u011bj\u0161\u00edm mezin\u00e1rodn\u00edm dodavatelsk\u00fdm \u0159et\u011bzc\u016fm.<\/p>\n<p>Hovo\u0159ili jsme s <strong>Gergelym Sosem, provozn\u00edm \u0159editelem pro v\u00fdchodn\u00ed Evropu ve spole\u010dnosti redi-Group<\/strong>, o v\u00fdvoji v tomto regionu, o v\u00fdzv\u00e1ch v oblasti kvality, kter\u00fdm \u010del\u00ed v\u00fdrobci, a o tom, pro\u010d m\u00edstn\u00ed odborn\u00e9 znalosti nab\u00fdvaj\u00ed na v\u00fdznamu.<\/p>\n<h2><strong>Rostouc\u00ed v\u00fdznam v\u00fdchodn\u00ed Evropy pro evropsk\u00fd pr\u016fmysl<\/strong><\/h2>\n<h3><strong>Gergely, jakou roli hraje dnes v\u00fdchodn\u00ed Evropa v evropsk\u00e9m pr\u016fmyslov\u00e9m prost\u0159ed\u00ed?<\/strong><\/h3>\n<p>V\u00fdchodn\u00ed Evropa se vyvinula z p\u0159ev\u00e1\u017en\u011b n\u00e1kladov\u011b orientovan\u00e9ho v\u00fdrobn\u00edho centra ve strategicky d\u016fle\u017eitou sou\u010d\u00e1st evropsk\u00e9 pr\u016fmyslov\u00e9 s\u00edt\u011b.<\/p>\n<p>Automobilov\u00fd pr\u016fmysl z\u016fst\u00e1v\u00e1 jedn\u00edm z jej\u00edch nejsiln\u011bj\u0161\u00edch pil\u00ed\u0159\u016f, op\u00edraj\u00edc\u00ed se o zavedenou s\u00ed\u0165 dodavatel\u016f, technick\u00e9 know-how a neust\u00e1l\u00e9 investice. St\u00e1le v\u011bt\u0161\u00ed v\u00fdznam z\u00edsk\u00e1vaj\u00ed i dal\u0161\u00ed odv\u011btv\u00ed, mezi nimi\u017e jsou stroj\u00edrenstv\u00ed, elektronika, leteck\u00fd a kosmick\u00fd pr\u016fmysl, obrann\u00fd pr\u016fmysl, \u017eelezni\u010dn\u00ed doprava a logistika.<\/p>\n<p>Nearshoring a rostouc\u00ed d\u016fraz na odoln\u00e9 dodavatelsk\u00e9 \u0159et\u011bzce tento region je\u0161t\u011b v\u00edce posiluj\u00ed. Mezin\u00e1rodn\u00ed spole\u010dnosti cht\u011bj\u00ed v\u00fdrobu a kl\u00ed\u010dov\u00e9 dodavatele st\u00e1le \u010dast\u011bji umis\u0165ovat bl\u00ed\u017ee ke sv\u00fdm evropsk\u00fdm z\u00e1kazn\u00edk\u016fm a z\u00e1rove\u0148 t\u011b\u017eit z konkurenceschopn\u00fdch a flexibiln\u00edch struktur.<\/p>\n<p>Nejnov\u011bj\u0161\u00ed investice jasn\u011b dokl\u00e1daj\u00ed rostouc\u00ed strategick\u00fd v\u00fdznam tohoto regionu. N\u011bme\u010dt\u00ed v\u00fdrobci pr\u00e9miov\u00fdch automobil\u016f roz\u0161i\u0159uj\u00ed svou v\u00fdrobn\u00ed p\u0159\u00edtomnost v Ma\u010farsku, mimo jin\u00e9 prost\u0159ednictv\u00edm investic do nov\u00fdch elektromobil\u016f a vysoce digitalizovan\u00e9 v\u00fdroby elektromobil\u016f.<\/p>\n<p>Tyto trendy ukazuj\u00ed, jak se m\u011bn\u00ed role v\u00fdchodn\u00ed Evropy v r\u00e1mci evropsk\u00e9ho zpracovatelsk\u00e9ho pr\u016fmyslu. Tento region nab\u00fdv\u00e1 na v\u00fdznamu nejen v oblasti v\u00fdroby, ale tak\u00e9 p\u0159i \u0159e\u0161en\u00ed komplexn\u00edch in\u017een\u00fdrsk\u00fdch \u00fakol\u016f a v r\u00e1mci mezin\u00e1rodn\u00edch dodavatelsk\u00fdch s\u00edt\u00ed.<\/p>\n<h2><strong>Nov\u00e9 investice kladou vy\u0161\u0161\u00ed n\u00e1roky na zaji\u0161t\u011bn\u00ed kvality<\/strong><\/h2>\n<h3><strong>Jak\u00e9 jsou v sou\u010dasn\u00e9 dob\u011b nejv\u011bt\u0161\u00ed v\u00fdzvy pro mezin\u00e1rodn\u00ed v\u00fdrobce a dodavatele ve v\u00fdchodn\u00ed Evrop\u011b?<\/strong><\/h3>\n<p>Jednou z nejv\u011bt\u0161\u00edch v\u00fdzev je tempo, v jak\u00e9m by m\u011bla b\u00fdt nov\u00e1 za\u0159\u00edzen\u00ed, produkty a s\u00edt\u011b dodavatel\u016f p\u0159ipravena k provozu.<\/p>\n<p>V\u00fdrobn\u00ed za\u0159\u00edzen\u00ed lze nainstalovat relativn\u011b rychle. Vybudov\u00e1n\u00ed stabiln\u00edch proces\u016f, nalezen\u00ed kvalifikovan\u00fdch dodavatel\u016f a vytvo\u0159en\u00ed zku\u0161en\u00fdch m\u00edstn\u00edch organizac\u00ed v\u0161ak zabere podstatn\u011b v\u00edce \u010dasu.<\/p>\n<p>To je zvl\u00e1\u0161t\u011b patrn\u00e9 p\u0159i uv\u00e1d\u011bn\u00ed nov\u00fdch z\u00e1vod\u016f do provozu a p\u0159i zah\u00e1jen\u00ed v\u00fdroby. Dodavatel\u00e9 sice mohou disponovat rozs\u00e1hl\u00fdmi technick\u00fdmi kompetencemi, mus\u00ed se v\u0161ak p\u0159esto p\u0159izp\u016fsobit n\u00e1ro\u010dn\u00fdm mezin\u00e1rodn\u00edm po\u017eadavk\u016fm z\u00e1kazn\u00edk\u016f, strukturovan\u00fdm p\u0159\u00edstup\u016fm k \u0159e\u0161en\u00ed probl\u00e9m\u016f, procesn\u00edm audit\u016fm, APQP nebo transparentn\u00edmu vykazov\u00e1n\u00ed v r\u00e1mci projekt\u016f.<\/p>\n<p>Nedostatek kvalifikovan\u00fdch pracovn\u00edk\u016f, zejm\u00e9na v oblastech in\u017een\u00fdrstv\u00ed, \u0159\u00edzen\u00ed kvality a technick\u00e9ho managementu, tyto v\u00fdzvy je\u0161t\u011b v\u00edce prohlubuje.<\/p>\n<p>Z\u00e1rove\u0148 se samotn\u00e9 dodavatelsk\u00e9 \u0159et\u011bzce st\u00e1vaj\u00ed st\u00e1le n\u00e1ro\u010dn\u011bj\u0161\u00edmi. Konven\u010dn\u00ed, hybridn\u00ed a elektrick\u00e9 technologie se vyu\u017e\u00edvaj\u00ed soub\u011b\u017en\u011b, \u010dasto nap\u0159\u00ed\u010d n\u011bkolika v\u00fdrobn\u00edmi z\u00e1vody a \u00farovn\u011bmi dodavatelsk\u00e9ho \u0159et\u011bzce. Probl\u00e9m s kvalitou u jednoho subdodavatele tak m\u016f\u017ee b\u011bhem velmi kr\u00e1tk\u00e9 doby ovlivnit n\u011bkolik z\u00e1vod\u016f.<\/p>\n<p>Z\u00e1kazn\u00edci pot\u0159ebuj\u00ed oboj\u00ed: <strong>rychlou reakci p\u0159\u00edmo na m\u00edst\u011b a technick\u00e9 znalosti, kter\u00e9 umo\u017en\u00ed identifikovat p\u0159\u00ed\u010diny, stabilizovat procesy a zabr\u00e1nit opakovan\u00fdm chyb\u00e1m.<\/strong><\/p>\n<p><img loading=\"lazy\" decoding=\"async\" width=\"1440\" height=\"1018\" class=\"article-image-full wp-image-6615 size-full\" src=\"https:\/\/redi-group.com\/wp-content\/uploads\/2026\/09\/redi-Group-Team-Eastern-Europe.webp\" alt=\"Veden\u00ed spole\u010dnosti redi-Group Eastern Europe projedn\u00e1v\u00e1 region\u00e1ln\u00ed aktivity v oblasti kvality a techniky\" srcset=\"https:\/\/redi-group.com\/wp-content\/uploads\/2026\/09\/redi-Group-Team-Eastern-Europe.webp 1440w, https:\/\/redi-group.com\/wp-content\/uploads\/2026\/09\/redi-Group-Team-Eastern-Europe-300x212.webp 300w, https:\/\/redi-group.com\/wp-content\/uploads\/2026\/09\/redi-Group-Team-Eastern-Europe-1024x724.webp 1024w, https:\/\/redi-group.com\/wp-content\/uploads\/2026\/09\/redi-Group-Team-Eastern-Europe-768x543.webp 768w\" sizes=\"auto, (max-width: 1440px) 100vw, 1440px\" \/><\/p>\n<h2><strong>Zaji\u0161t\u011bn\u00ed kvality a in\u017een\u00fdrstv\u00ed kvality p\u0159\u00edmo na m\u00edst\u011b ve v\u00fdchodn\u00ed Evrop\u011b<\/strong><\/h2>\n<h3><strong>Jak spole\u010dnost redi-Group pom\u00e1h\u00e1 firm\u00e1m, kter\u00e9 \u010del\u00ed t\u011bmto v\u00fdzv\u00e1m?<\/strong><\/h3>\n<p>N\u00e1\u0161 p\u0159\u00edstup spojuje <a class=\"decorated-link\" href=\"https:\/\/redi-group.com\/cs\/services\/quality-engineering\/\" rel=\"noopener\" data-start=\"6396\" data-end=\"6422\">Quality Engineering<\/a> s flexibiln\u00edm <a class=\"decorated-link\" href=\"https:\/\/redi-group.com\/cs\/services\/quality-assurance\/\" rel=\"noopener\" data-start=\"6437\" data-end=\"6462\">zaji\u0161t\u011bn\u00edm kvality<\/a> a region\u00e1ln\u00ed strukturou, d\u00edky n\u00ed\u017e m\u016f\u017eeme poskytovat podporu z\u00e1kazn\u00edk\u016fm v cel\u00e9 v\u00fdchodn\u00ed Evrop\u011b.<\/p>\n<p>S Budape\u0161t\u00ed jako region\u00e1ln\u00edm centrem koordinuje skupina redi-Group sv\u00e9 aktivity v Ma\u010farsku, Rumunsku, na Slovensku, v \u010cesk\u00e9 republice a v Polsku. Tato struktura n\u00e1m umo\u017e\u0148uje propojit m\u00edstn\u00ed t\u00fdmy a odborn\u00e9 znalosti specifick\u00e9 pro jednotliv\u00e9 zem\u011b s jednotn\u00fdm, p\u0159eshrani\u010dn\u00edm \u0159\u00edzen\u00edm projekt\u016f, metodami zaji\u0161t\u011bn\u00ed kvality a standardy pro pod\u00e1v\u00e1n\u00ed zpr\u00e1v.<\/p>\n<p>V tomto regionu ji\u017e disponujeme zavedenou in\u017een\u00fdrskou strukturou. Rumun\u0161t\u00ed, ma\u010far\u0161t\u00ed a pol\u0161t\u00ed in\u017een\u00fd\u0159i podporuj\u00ed projekty zam\u011b\u0159en\u00e9 na rozvoj dodavatel\u016f v r\u016fzn\u00fdch lokalit\u00e1ch dodavatel\u016f. Mezi jejich \u00fakoly pat\u0159\u00ed hodnocen\u00ed dodavatel\u016f, anal\u00fdza proces\u016f, strukturovan\u00e9 \u0159e\u0161en\u00ed probl\u00e9m\u016f, \u0159\u00edzen\u00ed ak\u010dn\u00edch pl\u00e1n\u016f, stabilizace v\u00fdroby a sledov\u00e1n\u00ed pr\u016fb\u011bhu projekt\u016f.<\/p>\n<p>To znamen\u00e1, \u017ee z\u00e1kazn\u00edci maj\u00ed p\u0159\u00edstup k region\u00e1ln\u00edm technick\u00fdm zdroj\u016fm, kter\u00e9 jsou ji\u017e p\u0159ipraveny k nasazen\u00ed a lze je p\u0159izp\u016fsobovat podle po\u017eadavk\u016f projektu, um\u00edst\u011bn\u00ed dodavatel\u016f a nal\u00e9havosti situace.<\/p>\n<p>Krom\u011b toho roz\u0161i\u0159ujeme na\u0161e slu\u017eby v oblasti zaji\u0161t\u011bn\u00ed kvality ve v\u00fdrob\u011b v tomto regionu, nejprve v Ma\u010farsku. Nov\u00e9 v\u00fdrobn\u00ed programy velk\u00fdch automobilek a jejich rozs\u00e1hl\u00fdch s\u00edt\u00ed dodavatel\u016f s sebou v pr\u016fb\u011bhu industrializace a rozb\u011bhu v\u00fdroby p\u0159in\u00e1\u0161ej\u00ed dal\u0161\u00ed po\u017eadavky na kvalitu.<\/p>\n<p>V z\u00e1vislosti na situaci v r\u00e1mci projektu zahrnuje podpora mimo jin\u00e9 slu\u017eby v oblasti testov\u00e1n\u00ed a oprav, rezidentn\u00ed in\u017een\u00fdrstv\u00ed, podporu v\u00fdroby, audity, APQP, rozvoj dodavatel\u016f, prozat\u00edmn\u00ed \u0159\u00edzen\u00ed a digit\u00e1ln\u00ed projektov\u00e9 reportov\u00e1n\u00ed.<\/p>\n<p><strong>Kl\u00ed\u010dem je propojit rychl\u00e9 operativn\u00ed reakce s technick\u00fdmi znalostmi a udr\u017eiteln\u00fdm zlep\u0161ov\u00e1n\u00edm proces\u016f \u2013 od \u0159e\u0161en\u00ed akutn\u00edho probl\u00e9mu s kvalitou a\u017e po dlouhodobou stabilizaci dodavatel\u016f a proces\u016f.<\/strong><\/p>\n<h2><strong>M\u00edstn\u00ed p\u0159\u00edtomnost v souladu s mezin\u00e1rodn\u00edmi standardy kvality<\/strong><\/h2>\n<h3><strong>Jak\u00e9 jsou podle va\u0161ich zku\u0161enost\u00ed nejd\u016fle\u017eit\u011bj\u0161\u00ed faktory \u00fasp\u011bchu pro \u00fasp\u011b\u0161n\u00e1 partnerstv\u00ed ve v\u00fdchodn\u00ed Evrop\u011b?<\/strong><\/h3>\n<p>Nejd\u016fle\u017eit\u011bj\u0161\u00edm faktorem \u00fasp\u011bchu je propojen\u00ed m\u00edstn\u00ed p\u0159\u00edtomnosti s jednotn\u00fdmi mezin\u00e1rodn\u00edmi standardy.<\/p>\n<p>M\u00edstn\u00ed t\u00fdmy znaj\u00ed jazyk, firemn\u00ed kulturu a provozn\u00ed podm\u00ednky dan\u00fdch zem\u00ed. Mohou se rychle spojit s dodavateli, p\u0159\u00edmo komunikovat jak s v\u00fdrobn\u00edmi t\u00fdmy, tak s veden\u00edm spole\u010dnosti a reagovat bez zdlouhav\u00fdch koordina\u010dn\u00edch proces\u016f.<\/p>\n<p>To m\u00e1 velk\u00fd v\u00fdznam zejm\u00e9na p\u0159i rozb\u00edh\u00e1n\u00ed v\u00fdroby nebo v p\u0159\u00edpad\u011b kritick\u00fdch eskalac\u00ed u dodavatel\u016f, kdy rychl\u00e1 rozhodnut\u00ed a kr\u00e1tk\u00e9 reak\u010dn\u00ed doby mohou m\u00edt rozhoduj\u00edc\u00ed v\u00fdznam.<\/p>\n<p>M\u00edstn\u00ed flexibilita v\u0161ak vy\u017eaduje pevn\u00fd r\u00e1mec. Jasn\u00e9 projektov\u00e9 struktury, mezin\u00e1rodn\u011b uzn\u00e1van\u00e9 metody zaji\u0161t\u011bn\u00ed kvality a transparentn\u00ed pod\u00e1v\u00e1n\u00ed zpr\u00e1v zaru\u010duj\u00ed, \u017ee z\u00e1kazn\u00edci v r\u016fzn\u00fdch zem\u00edch dostanou stejn\u00fd standard profesionality, sledovatelnosti a komunikace.<\/p>\n<p>D\u016fv\u011bra je dal\u0161\u00edm d\u016fle\u017eit\u00fdm faktorem. Siln\u00fd a spolehliv\u00fd partner otev\u0159en\u011b komunikuje o aktu\u00e1ln\u00ed situaci, zb\u00fdvaj\u00edc\u00edch rizic\u00edch, odpov\u011bdnostech a dal\u0161\u00edch kroc\u00edch.<\/p>\n<p>Tuto region\u00e1ln\u00ed odbornost spojuje skupina redi-Group s <strong>30 lety zku\u0161enost\u00ed s mezin\u00e1rodn\u00edmi projekty a rozs\u00e1hl\u00fdm know-how z\u00edskan\u00fdm p\u0159i realizaci projekt\u016f pro z\u00e1kazn\u00edky po cel\u00e9m sv\u011bt\u011b.<\/strong><\/p>\n<p>Tato zku\u0161enost tvo\u0159\u00ed spole\u010dn\u00fd z\u00e1klad pro na\u0161e region\u00e1ln\u00ed t\u00fdmy. M\u00edstn\u00ed in\u017een\u00fd\u0159i mohou pracovat flexibiln\u011b a v \u00fazk\u00e9m kontaktu se z\u00e1kazn\u00edky, p\u0159i\u010dem\u017e mohou \u010derpat z osv\u011bd\u010den\u00fdch metod, projektov\u00fdch struktur a odborn\u00fdch znalost\u00ed cel\u00e9 s\u00edt\u011b skupiny redi.<\/p>\n<p><strong>\u201eNejd\u016fle\u017eit\u011bj\u0161\u00edm faktorem \u00fasp\u011bchu je propojen\u00ed m\u00edstn\u00ed p\u0159\u00edtomnosti s jednotn\u00fdmi mezin\u00e1rodn\u00edmi standardy.\u201c<\/strong><\/p>\n<h2><strong>Rostouc\u00ed slo\u017eitost vy\u017eaduje \u0161ir\u0161\u00ed kompetence v oblasti kvality<\/strong><\/h2>\n<h3><strong>S ohledem na budoucnost: Jak\u00e9 trendy budou v nadch\u00e1zej\u00edc\u00edch letech ur\u010dovat sm\u011br ve v\u00fdrobn\u00edm pr\u016fmyslu ve v\u00fdchodn\u00ed Evrop\u011b?<\/strong><\/h3>\n<p>Elektromobilita a v\u00fdroba bateri\u00ed budou i nad\u00e1le d\u016fle\u017eit\u00fdmi hnac\u00edmi silami, av\u0161ak tato transformace z\u016fstane i nad\u00e1le slo\u017eit\u00e1.<\/p>\n<p>Konven\u010dn\u00ed, hybridn\u00ed a elektrick\u00e9 pohony budou podle o\u010dek\u00e1v\u00e1n\u00ed je\u0161t\u011b n\u011bjakou dobu existovat vedle sebe. V d\u016fsledku toho poroste popt\u00e1vka po odborn\u00fdch znalostech v oblastech, jako je elektronika, vysokonap\u011b\u0165ov\u00e9 syst\u00e9my, technick\u00e1 \u010distota, sledovatelnost a bezpe\u010dnost proces\u016f.<\/p>\n<p>Rostouc\u00ed vliv na \u0159\u00edzen\u00ed kvality budou m\u00edt tak\u00e9 digitalizace a um\u011bl\u00e1 inteligence. Automatizovan\u00e9 kontroln\u00ed postupy, monitorov\u00e1n\u00ed proces\u016f v re\u00e1ln\u00e9m \u010dase a anal\u00fdzy kvality zalo\u017een\u00e9 na datech umo\u017en\u00ed nejen odhalovat chyby, ale tak\u00e9 st\u00e1le \u010dast\u011bji identifikovat zm\u011bny v procesech je\u0161t\u011b p\u0159edt\u00edm, ne\u017e povedou k z\u00e1va\u017en\u011bj\u0161\u00edm probl\u00e9m\u016fm s kvalitou.<\/p>\n<p>Krom\u011b automobilov\u00e9ho pr\u016fmyslu o\u010dek\u00e1v\u00e1m dal\u0161\u00ed p\u0159\u00edle\u017eitosti i v odv\u011btv\u00edch, jako je leteck\u00fd a kosmick\u00fd pr\u016fmysl, obrann\u00fd pr\u016fmysl a stroj\u00edrenstv\u00ed. Tato odv\u011btv\u00ed kladou podobn\u011b vysok\u00e9 n\u00e1roky na stabilitu proces\u016f, dokumentaci, v\u00fdkon dodavatel\u016f a sledovatelnost.<\/p>\n<p>V\u011bt\u0161\u00ed roli budou hr\u00e1t tak\u00e9 udr\u017eitelnost a efektivn\u00ed vyu\u017e\u00edv\u00e1n\u00ed zdroj\u016f.<\/p>\n<p>Rovn\u011b\u017e strukturovan\u00fd rozvoj dodavatel\u016f nab\u00fdv\u00e1 st\u00e1le v\u011bt\u0161\u00edho v\u00fdznamu. Podniky mus\u00ed rozpozn\u00e1vat rizika v\u010das, systematicky rozv\u00edjet dodavatele a budovat robustn\u00ed struktury kvality nap\u0159\u00ed\u010d zem\u011bmi, m\u00edsto aby reagovaly a\u017e ve chv\u00edli, kdy ji\u017e k probl\u00e9mu do\u0161lo.<\/p>\n<p>Podniky budou pot\u0159ebovat partnery, kte\u0159\u00ed dok\u00e1\u017eou propojit m\u00edstn\u00ed provozn\u00ed kapacity, technick\u00e9 znalosti, digit\u00e1ln\u00ed n\u00e1stroje a strukturovan\u00fd rozvoj dodavatelsk\u00e9 s\u00edt\u011b nap\u0159\u00ed\u010d n\u011bkolika zem\u011bmi.<\/p>\n<h2><strong>M\u00edstn\u00ed odborn\u00e9 znalosti pro komplexn\u00ed dodavatelsk\u00e9 \u0159et\u011bzce<\/strong><\/h2>\n<p>V\u00fdchodn\u00ed Evropa bude i nad\u00e1le hr\u00e1t d\u016fle\u017eitou roli v evropsk\u00e9m zpracovatelsk\u00e9m pr\u016fmyslu. S rostouc\u00edmi investicemi, technologick\u00fdm pokrokem a zvy\u0161uj\u00edc\u00ed se slo\u017eitost\u00ed dodavatelsk\u00fdch \u0159et\u011bzc\u016f se v\u0161ak m\u011bn\u00ed i po\u017eadavky kladen\u00e9 na v\u00fdrobce a dodavatele.<\/p>\n<p>Rychl\u00e9 reak\u010dn\u00ed \u010dasy jsou i nad\u00e1le nezbytn\u00e9 v p\u0159\u00edpad\u011b v\u00fdskytu probl\u00e9m\u016f s kvalitou. Trval\u00e1 kvalita v\u0161ak st\u00e1le v\u00edce z\u00e1vis\u00ed na procesn\u00ed kompetenci, strukturovan\u00e9m rozvoji dodavatel\u016f a schopnosti konzistentn\u011b \u0159\u00eddit projekty nap\u0159\u00ed\u010d hranicemi.<\/p>\n<p>Pro mezin\u00e1rodn\u00ed spole\u010dnosti je d\u016fle\u017eit\u00e9 propojit glob\u00e1ln\u00ed po\u017eadavky na kvalitu s d\u016fslednou operativn\u00ed realizac\u00ed na m\u00edst\u011b. Region\u00e1ln\u00ed partner s m\u00edstn\u00edmi technick\u00fdmi kompetencemi a mezin\u00e1rodn\u00edmi zku\u0161enostmi s projekty m\u016f\u017ee pomoci tuto mezeru p\u0159eklenout.<\/p>\n<h2><strong>Pl\u00e1nujete n\u011bjak\u00fd projekt ve v\u00fdchodn\u00ed Evrop\u011b?<\/strong><\/h2>\n<p>A\u0165 u\u017e jde o rozvoj dodavatel\u016f, rezidentn\u00ed in\u017een\u00fdrstv\u00ed, audity, podporu v\u00fdroby nebo kr\u00e1tkodob\u00e9 zaji\u0161t\u011bn\u00ed kvality p\u0159\u00edmo na m\u00edst\u011b \u2013 spole\u010dnost redi-Group spojuje region\u00e1ln\u00ed p\u0159\u00edtomnost s 30 lety mezin\u00e1rodn\u00edch zku\u0161enost\u00ed v oblasti kvality.<\/p>\n<p><strong><a href=\"https:\/\/redi-group.com\/cs\/contact\/\">Porozum\u011bjte se s na\u0161imi odborn\u00edky<\/a> o va\u0161ich po\u017eadavc\u00edch na kvalitu ve v\u00fdchodn\u00ed Evrop\u011b. <\/strong><\/p>\n<p><strong>redi Hungary Bt.<\/strong><br \/>\n1112 Budape\u0161\u0165,<br \/>\nRep\u00fcl\u0151t\u00e9ri \u00fat 2\/A<br \/>\n<a href=\"mailto:office.hu@redi-group.com\" target=\"_blank\" rel=\"noopener\">office.hu@redi-group.com<\/a><br \/>\nT +36 70 589 6229<\/p>\n<p>&nbsp;<\/p>\n","protected":false},"excerpt":{"rendered":"<p>V\u00fdchodn\u00ed Evropa se stala st\u00e1le d\u016fle\u017eit\u011bj\u0161\u00ed sou\u010d\u00e1st\u00ed evropsk\u00e9ho pr\u016fmyslov\u00e9ho prost\u0159ed\u00ed. Zaveden\u00e9 automobilov\u00e9 klastry, nov\u00e9 investice, nearshoring a p\u0159echod k nov\u00fdm&#8230;<\/p>\n","protected":false},"author":5,"featured_media":6637,"comment_status":"open","ping_status":"open","sticky":false,"template":"","format":"standard","meta":{"_acf_changed":false,"footnotes":""},"categories":[37],"tags":[],"class_list":["post-6638","post","type-post","status-publish","format-standard","has-post-thumbnail","hentry","category-nicht-kategorisiert"],"acf":[],"_links":{"self":[{"href":"https:\/\/redi-group.com\/cs\/wp-json\/wp\/v2\/posts\/6638","targetHints":{"allow":["GET"]}}],"collection":[{"href":"https:\/\/redi-group.com\/cs\/wp-json\/wp\/v2\/posts"}],"about":[{"href":"https:\/\/redi-group.com\/cs\/wp-json\/wp\/v2\/types\/post"}],"author":[{"embeddable":true,"href":"https:\/\/redi-group.com\/cs\/wp-json\/wp\/v2\/users\/5"}],"replies":[{"embeddable":true,"href":"https:\/\/redi-group.com\/cs\/wp-json\/wp\/v2\/comments?post=6638"}],"version-history":[{"count":1,"href":"https:\/\/redi-group.com\/cs\/wp-json\/wp\/v2\/posts\/6638\/revisions"}],"predecessor-version":[{"id":6645,"href":"https:\/\/redi-group.com\/cs\/wp-json\/wp\/v2\/posts\/6638\/revisions\/6645"}],"wp:featuredmedia":[{"embeddable":true,"href":"https:\/\/redi-group.com\/cs\/wp-json\/wp\/v2\/media\/6637"}],"wp:attachment":[{"href":"https:\/\/redi-group.com\/cs\/wp-json\/wp\/v2\/media?parent=6638"}],"wp:term":[{"taxonomy":"category","embeddable":true,"href":"https:\/\/redi-group.com\/cs\/wp-json\/wp\/v2\/categories?post=6638"},{"taxonomy":"post_tag","embeddable":true,"href":"https:\/\/redi-group.com\/cs\/wp-json\/wp\/v2\/tags?post=6638"}],"curies":[{"name":"wp","href":"https:\/\/api.w.org\/{rel}","templated":true}]}}