{"id":6635,"date":"2026-09-03T13:22:40","date_gmt":"2026-09-03T11:22:40","guid":{"rendered":"https:\/\/redi-group.com\/kelet-europa-mint-strategiai-gyartasi-helyszin-miert-doento-fontossagu-a-helyi-minosegbiztositasi-szakertelem\/"},"modified":"2026-09-03T15:22:26","modified_gmt":"2026-09-03T13:22:26","slug":"kelet-europa-mint-strategiai-gyartasi-helyszin-miert-doento-fontossagu-a-helyi-minosegbiztositasi-szakertelem","status":"publish","type":"post","link":"https:\/\/redi-group.com\/hu\/kelet-europa-mint-strategiai-gyartasi-helyszin-miert-doento-fontossagu-a-helyi-minosegbiztositasi-szakertelem\/","title":{"rendered":"Kelet-Eur\u00f3pa mint strat\u00e9giai gy\u00e1rt\u00e1si helysz\u00edn: Mi\u00e9rt d\u00f6nt\u0151 fontoss\u00e1g\u00fa a helyi min\u0151s\u00e9gbiztos\u00edt\u00e1si szak\u00e9rtelem?"},"content":{"rendered":"<p>Kelet-Eur\u00f3pa az eur\u00f3pai ipari szf\u00e9ra egyre fontosabb r\u00e9sz\u00e9v\u00e9 v\u00e1lt. A m\u00e1r megl\u00e9v\u0151 aut\u00f3ipari klaszterek, az \u00faj beruh\u00e1z\u00e1sok, a nearshoring \u00e9s az \u00faj technol\u00f3gi\u00e1k fel\u00e9 t\u00f6rt\u00e9n\u0151 \u00e1t\u00e1ll\u00e1s er\u0151s\u00edtik a r\u00e9gi\u00f3 szerep\u00e9t az eur\u00f3pai ell\u00e1t\u00e1si l\u00e1ncokban.<\/p>\n<p>Ugyanakkor az iparban tapasztalhat\u00f3 egyre n\u00f6vekv\u0151 \u00f6sszetetts\u00e9g \u00faj kih\u00edv\u00e1sokat is mag\u00e1val hoz. Az \u00faj gy\u00e1rt\u00e1si telephelyeknek \u00e9s besz\u00e1ll\u00edt\u00f3i h\u00e1l\u00f3zatoknak gyorsan stabil min\u0151s\u00e9gi szintet kell el\u00e9rni\u00fck, mik\u00f6zben a gy\u00e1rt\u00f3k szakk\u00e9pzett munkaer\u0151hi\u00e1nnyal, ig\u00e9nyes gy\u00e1rt\u00e1sbeind\u00edt\u00e1sokkal \u00e9s egyre \u00f6sszetettebb nemzetk\u00f6zi ell\u00e1t\u00e1si l\u00e1ncokkal k\u00e9nytelenek szemben\u00e9zni.<\/p>\n<p>Besz\u00e9lgett\u00fcnk <strong>Sos Gergelyvel, a redi-Group kelet-eur\u00f3pai operat\u00edv igazgat\u00f3j\u00e1val<\/strong> a r\u00e9gi\u00f3 fejl\u0151d\u00e9s\u00e9r\u0151l, a gy\u00e1rt\u00f3k el\u0151tt \u00e1ll\u00f3 min\u0151s\u00e9gi kih\u00edv\u00e1sokr\u00f3l, valamint arr\u00f3l, hogy mi\u00e9rt nyer egyre nagyobb jelent\u0151s\u00e9get a helyi szak\u00e9rtelem.<\/p>\n<h2><strong>Kelet-Eur\u00f3pa n\u00f6vekv\u0151 jelent\u0151s\u00e9ge az eur\u00f3pai ipar sz\u00e1m\u00e1ra<\/strong><\/h2>\n<h3><strong>Gergely, milyen szerepet j\u00e1tszik ma Kelet-Eur\u00f3pa az eur\u00f3pai ipari t\u00e1jban?<\/strong><\/h3>\n<p>Kelet-Eur\u00f3pa a kor\u00e1bban els\u0151sorban k\u00f6lts\u00e9gorient\u00e1lt gy\u00e1rt\u00e1si k\u00f6zpontb\u00f3l az eur\u00f3pai ipari h\u00e1l\u00f3zat strat\u00e9giailag fontos r\u00e9sz\u00e9v\u00e9 fejl\u0151d\u00f6tt.<\/p>\n<p>Az aut\u00f3ipar tov\u00e1bbra is az egyik legfontosabb pill\u00e9re marad, amelyet egy j\u00f3l ki\u00e9p\u00edtett besz\u00e1ll\u00edt\u00f3i h\u00e1l\u00f3zat, m\u0171szaki szak\u00e9rtelem \u00e9s folyamatos beruh\u00e1z\u00e1sok t\u00e1masztanak al\u00e1. M\u00e1s ipar\u00e1gak is egyre nagyobb jelent\u0151s\u00e9gre tesznek szert, k\u00f6zt\u00fck a g\u00e9pgy\u00e1rt\u00e1s, az elektronika, a rep\u00fcl\u0151g\u00e9p- \u00e9s \u0171rhaj\u00f3ipar, valamint a v\u00e9delmi ipar, a vas\u00fati k\u00f6zleked\u00e9s \u00e9s a logisztika.<\/p>\n<p>A nearshoring \u00e9s az ellen\u00e1ll\u00f3 ell\u00e1t\u00e1si l\u00e1ncokra ir\u00e1nyul\u00f3 egyre nagyobb hangs\u00faly tov\u00e1bb er\u0151s\u00edti a r\u00e9gi\u00f3t. A nemzetk\u00f6zi v\u00e1llalatok egyre ink\u00e1bb arra t\u00f6rekszenek, hogy gy\u00e1rt\u00e1sukat \u00e9s kulcsfontoss\u00e1g\u00fa besz\u00e1ll\u00edt\u00f3ikat k\u00f6zelebb helyezz\u00e9k el eur\u00f3pai \u00fcgyfeleikhez, mik\u00f6zben kihaszn\u00e1lj\u00e1k a versenyk\u00e9pes \u00e9s rugalmas strukt\u00far\u00e1k el\u0151nyeit.<\/p>\n<p>A legut\u00f3bbi beruh\u00e1z\u00e1sok j\u00f3l mutatj\u00e1k a r\u00e9gi\u00f3 n\u00f6vekv\u0151 strat\u00e9giai jelent\u0151s\u00e9g\u00e9t. A n\u00e9met pr\u00e9mium aut\u00f3gy\u00e1rt\u00f3k b\u0151v\u00edtik gy\u00e1rt\u00e1si jelenl\u00e9t\u00fcket Magyarorsz\u00e1gon, t\u00f6bbek k\u00f6z\u00f6tt \u00faj elektromos modellekbe \u00e9s az elektromos j\u00e1rm\u0171vek magas szint\u0171 digitaliz\u00e1lt gy\u00e1rt\u00e1s\u00e1ba t\u00f6rt\u00e9n\u0151 beruh\u00e1z\u00e1sok r\u00e9v\u00e9n.<\/p>\n<p>Ezek a fejlem\u00e9nyek j\u00f3l mutatj\u00e1k, hogyan v\u00e1ltozik Kelet-Eur\u00f3pa szerepe az eur\u00f3pai gy\u00e1rt\u00f3iparban. A r\u00e9gi\u00f3 nem csup\u00e1n a termel\u00e9s, hanem a komplex m\u00e9rn\u00f6ki feladatok \u00e9s a nemzetk\u00f6zi besz\u00e1ll\u00edt\u00f3i h\u00e1l\u00f3zatok ter\u00e9n is egyre nagyobb jelent\u0151s\u00e9gre tesz szert.<\/p>\n<h2><strong>Az \u00faj beruh\u00e1z\u00e1sok szigor\u00edtj\u00e1k a min\u0151s\u00e9gbiztos\u00edt\u00e1sra vonatkoz\u00f3 k\u00f6vetelm\u00e9nyeket<\/strong><\/h2>\n<h3><strong>Melyek jelenleg a legnagyobb kih\u00edv\u00e1sok a kelet-eur\u00f3pai nemzetk\u00f6zi gy\u00e1rt\u00f3k \u00e9s besz\u00e1ll\u00edt\u00f3k sz\u00e1m\u00e1ra?<\/strong><\/h3>\n<p>Az egyik legnagyobb kih\u00edv\u00e1s az a temp\u00f3, amellyel az \u00faj \u00fczemeknek, term\u00e9keknek \u00e9s besz\u00e1ll\u00edt\u00f3i h\u00e1l\u00f3zatoknak m\u0171k\u00f6d\u0151k\u00e9pess\u00e9 kell v\u00e1lniuk.<\/p>\n<p>A gy\u00e1rt\u00f3berendez\u00e9seket viszonylag gyorsan fel lehet szerelni. A stabil folyamatok kialak\u00edt\u00e1sa, a megfelel\u0151 besz\u00e1ll\u00edt\u00f3k felkutat\u00e1sa \u00e9s a tapasztalt helyi szervezetek l\u00e9trehoz\u00e1sa viszont l\u00e9nyegesen t\u00f6bb id\u0151t ig\u00e9nyel.<\/p>\n<p>Ez k\u00fcl\u00f6n\u00f6sen j\u00f3l l\u00e1that\u00f3 az \u00faj telephelyek \u00fczembe helyez\u00e9sekor \u00e9s a gy\u00e1rt\u00e1s beind\u00edt\u00e1sakor. A besz\u00e1ll\u00edt\u00f3k ugyan rendelkezhetnek kiemelked\u0151 m\u0171szaki szak\u00e9rtelemmel, de ennek ellen\u00e9re alkalmazkodniuk kell a szigor\u00fa nemzetk\u00f6zi \u00fcgyf\u00e9lig\u00e9nyekhez, a struktur\u00e1lt probl\u00e9mamegold\u00e1si m\u00f3dszerekhez, a folyamatauditokhoz, az APQP-hez vagy az \u00e1tl\u00e1that\u00f3 projektjelent\u00e9sekhez.<\/p>\n<p>A szakk\u00e9pzett munkaer\u0151hi\u00e1ny \u2013 k\u00fcl\u00f6n\u00f6sen a m\u00e9rn\u00f6ki, a min\u0151s\u00e9gir\u00e1ny\u00edt\u00e1si \u00e9s a m\u0171szaki vezet\u00e9si ter\u00fcleteken \u2013 tov\u00e1bb s\u00falyosb\u00edtja ezeket a kih\u00edv\u00e1sokat.<\/p>\n<p>Ugyanakkor maguk az ell\u00e1t\u00e1si l\u00e1ncok is egyre \u00f6sszetettebb\u00e9 v\u00e1lnak. A hagyom\u00e1nyos, hibrid \u00e9s elektromos technol\u00f3gi\u00e1kat p\u00e1rhuzamosan alkalmazz\u00e1k, gyakran t\u00f6bb gy\u00e1rt\u00e1si helysz\u00ednen \u00e9s besz\u00e1ll\u00edt\u00f3i szinten \u00e1t\u00edvelve. Ez\u00e9rt egy alv\u00e1llalkoz\u00f3n\u00e1l felmer\u00fcl\u0151 min\u0151s\u00e9gi probl\u00e9ma a legr\u00f6videbb id\u0151n bel\u00fcl t\u00f6bb gy\u00e1rat is \u00e9rinthet.<\/p>\n<p>Az \u00fcgyfeleknek mindkett\u0151re sz\u00fcks\u00e9g\u00fck van: <strong>gyors helysz\u00edni reag\u00e1l\u00e1sra \u00e9s olyan m\u00e9rn\u00f6ki szak\u00e9rtelemre, amely seg\u00edts\u00e9g\u00e9vel azonos\u00edthat\u00f3k az okok, stabiliz\u00e1lhat\u00f3k a folyamatok \u00e9s elker\u00fclhet\u0151k az ism\u00e9tl\u0151d\u0151 hib\u00e1k.<\/strong><\/p>\n<p><img loading=\"lazy\" decoding=\"async\" width=\"1440\" height=\"1018\" class=\"article-image-full wp-image-6615 size-full\" src=\"https:\/\/redi-group.com\/wp-content\/uploads\/2026\/09\/redi-Group-Team-Eastern-Europe.webp\" alt=\"A redi-Group Eastern Europe vezet\u0151s\u00e9ge megvitatja a min\u0151s\u00e9g \u00e9s a technika ter\u00fclet\u00e9n v\u00e9gzett region\u00e1lis tev\u00e9kenys\u00e9geket\" srcset=\"https:\/\/redi-group.com\/wp-content\/uploads\/2026\/09\/redi-Group-Team-Eastern-Europe.webp 1440w, https:\/\/redi-group.com\/wp-content\/uploads\/2026\/09\/redi-Group-Team-Eastern-Europe-300x212.webp 300w, https:\/\/redi-group.com\/wp-content\/uploads\/2026\/09\/redi-Group-Team-Eastern-Europe-1024x724.webp 1024w, https:\/\/redi-group.com\/wp-content\/uploads\/2026\/09\/redi-Group-Team-Eastern-Europe-768x543.webp 768w\" sizes=\"auto, (max-width: 1440px) 100vw, 1440px\" \/><\/p>\n<h2><strong>Min\u0151s\u00e9gbiztos\u00edt\u00e1s \u00e9s min\u0151s\u00e9gfejleszt\u00e9s helysz\u00ednen Kelet-Eur\u00f3p\u00e1ban<\/strong><\/h2>\n<h3><strong>Hogyan t\u00e1mogatja a redi-Group azokat a v\u00e1llalatokat, amelyek ezekkel a kih\u00edv\u00e1sokkal szembes\u00fclnek?<\/strong><\/h3>\n<p>Megk\u00f6zel\u00edt\u00e9s\u00fcnk \u00f6tv\u00f6zi <a class=\"decorated-link\" href=\"https:\/\/redi-group.com\/hu\/services\/quality-engineering\/\" rel=\"noopener\" data-start=\"6396\" data-end=\"6422\">a min\u0151s\u00e9gbiztos\u00edt\u00e1si tervez\u00e9st<\/a> <a class=\"decorated-link\" href=\"https:\/\/redi-group.com\/hu\/services\/quality-assurance\/\" rel=\"noopener\" data-start=\"6437\" data-end=\"6462\">a rugalmas min\u0151s\u00e9gbiztos\u00edt\u00e1ssal<\/a> \u00e9s egy region\u00e1lis strukt\u00far\u00e1val, amelynek k\u00f6sz\u00f6nhet\u0151en Kelet-Eur\u00f3pa eg\u00e9sz ter\u00fclet\u00e9n tudjuk t\u00e1mogatni \u00fcgyfeleinket.<\/p>\n<p>Budapestet region\u00e1lis k\u00f6zpontk\u00e9nt haszn\u00e1lva a redi-Group koordin\u00e1lja tev\u00e9kenys\u00e9geit Magyarorsz\u00e1gon, Rom\u00e1ni\u00e1ban, Szlov\u00e1ki\u00e1ban, Csehorsz\u00e1gban \u00e9s Lengyelorsz\u00e1gban. Ez a strukt\u00fara lehet\u0151v\u00e9 teszi sz\u00e1munkra, hogy a helyi csapatokat \u00e9s az orsz\u00e1gspecifikus szak\u00e9rtelmet egys\u00e9ges, hat\u00e1rokon \u00e1tny\u00fal\u00f3 projektmenedzsmenttel, min\u0151s\u00e9gbiztos\u00edt\u00e1si m\u00f3dszerekkel \u00e9s jelent\u00e9si szabv\u00e1nyokkal \u00f6tv\u00f6zz\u00fck.<\/p>\n<p>A r\u00e9gi\u00f3ban m\u00e1r rendelkez\u00fcnk egy j\u00f3l ki\u00e9p\u00edtett m\u00e9rn\u00f6ki strukt\u00far\u00e1val. Rom\u00e1n, magyar \u00e9s lengyel m\u00e9rn\u00f6k\u00f6k t\u00e1mogatj\u00e1k a besz\u00e1ll\u00edt\u00f3fejleszt\u00e9si projekteket k\u00fcl\u00f6nb\u00f6z\u0151 besz\u00e1ll\u00edt\u00f3i telephelyeken. Feladataik k\u00f6z\u00e9 tartozik a besz\u00e1ll\u00edt\u00f3i \u00e9rt\u00e9kel\u00e9s, a folyamatelemz\u00e9s, a struktur\u00e1lt probl\u00e9mamegold\u00e1s, a cselekv\u00e9si tervek ir\u00e1ny\u00edt\u00e1sa, a gy\u00e1rt\u00e1s stabiliz\u00e1l\u00e1sa, valamint a projektek nyomon k\u00f6vet\u00e9se.<\/p>\n<p>Ez azt jelenti, hogy az \u00fcgyfelek hozz\u00e1f\u00e9rhetnek olyan region\u00e1lis m\u0171szaki er\u0151forr\u00e1sokhoz, amelyek m\u00e1r \u00fczemk\u00e9sz \u00e1llapotban vannak, \u00e9s amelyek a projekt k\u00f6vetelm\u00e9nyeinek, a besz\u00e1ll\u00edt\u00f3k telephelyeinek \u00e9s a helyzet s\u00fcrg\u0151ss\u00e9g\u00e9nek f\u00fcggv\u00e9ny\u00e9ben m\u00e9retezhet\u0151k.<\/p>\n<p>Ezen fel\u00fcl b\u0151v\u00edtj\u00fck a v\u00e1llalati min\u0151s\u00e9gbiztos\u00edt\u00e1s ter\u00fclet\u00e9n ny\u00fajtott szolg\u00e1ltat\u00e1sainkat a r\u00e9gi\u00f3ban, kezdetben Magyarorsz\u00e1gon. A nagy aut\u00f3gy\u00e1rt\u00f3k \u00faj gy\u00e1rt\u00e1si programjai \u00e9s azok kiterjedt besz\u00e1ll\u00edt\u00f3i h\u00e1l\u00f3zatai az iparos\u00edt\u00e1s \u00e9s a termel\u00e9s felfut\u00e1sa sor\u00e1n tov\u00e1bbi min\u0151s\u00e9gi k\u00f6vetelm\u00e9nyeket t\u00e1masztanak.<\/p>\n<p>A projekt helyzet\u00e9t\u0151l f\u00fcgg\u0151en a t\u00e1mogat\u00e1s t\u00f6bbek k\u00f6z\u00f6tt a tesztel\u00e9si \u00e9s ut\u00f3munk\u00e1latokat, a helysz\u00edni m\u00e9rn\u00f6ki szolg\u00e1ltat\u00e1sokat, a gy\u00e1rt\u00e1si t\u00e1mogat\u00e1st, az auditokat, az APQP-t, a besz\u00e1ll\u00edt\u00f3i fejleszt\u00e9st, az ideiglenes menedzsmentet \u00e9s a digit\u00e1lis projektjelent\u00e9st foglalja mag\u00e1ban.<\/p>\n<p><strong>A kulcs abban rejlik, hogy a gyors operat\u00edv reag\u00e1l\u00e1st \u00f6sszekapcsoljuk a m\u0171szaki szak\u00e9rtelemmel \u00e9s a fenntarthat\u00f3 folyamatfejleszt\u00e9ssel \u2013 az akut min\u0151s\u00e9gi probl\u00e9ma megold\u00e1s\u00e1t\u00f3l kezdve a besz\u00e1ll\u00edt\u00f3k \u00e9s folyamatok hossz\u00fa t\u00e1v\u00fa stabiliz\u00e1l\u00e1s\u00e1ig.<\/strong><\/p>\n<h2><strong>A helyi jelenl\u00e9t \u00e9s a nemzetk\u00f6zi min\u0151s\u00e9gi szabv\u00e1nyok tal\u00e1lkoz\u00e1sa<\/strong><\/h2>\n<h3><strong>Tapasztalatai alapj\u00e1n melyek a kelet-eur\u00f3pai sikeres partners\u00e9gek legfontosabb sikert\u00e9nyez\u0151i?<\/strong><\/h3>\n<p>A legfontosabb sikert\u00e9nyez\u0151 a helyi jelenl\u00e9t \u00e9s az egys\u00e9ges nemzetk\u00f6zi szabv\u00e1nyok \u00f6tv\u00f6z\u00e9se.<\/p>\n<p>A helyi csapatok ismerik az adott orsz\u00e1gok nyelv\u00e9t, v\u00e1llalati kult\u00far\u00e1j\u00e1t \u00e9s \u00fczleti k\u00f6r\u00fclm\u00e9nyeit. Gyorsan felvehetik a kapcsolatot a besz\u00e1ll\u00edt\u00f3kkal, k\u00f6zvetlen\u00fcl kommunik\u00e1lhatnak mind a gy\u00e1rt\u00e1si csapatokkal, mind a vezet\u0151s\u00e9ggel, \u00e9s hosszadalmas egyeztet\u00e9si folyamatok n\u00e9lk\u00fcl tudnak reag\u00e1lni.<\/p>\n<p>Ez k\u00fcl\u00f6n\u00f6sen fontos a termel\u00e9s felfut\u00e1sa vagy a besz\u00e1ll\u00edt\u00f3kn\u00e1l bek\u00f6vetkez\u0151 kritikus helyzetek eset\u00e9n, amikor a gyors d\u00f6nt\u00e9sek \u00e9s a r\u00f6vid reakci\u00f3id\u0151k d\u00f6nt\u0151 jelent\u0151s\u00e9g\u0171ek lehetnek.<\/p>\n<p>A helyi rugalmass\u00e1ghoz azonban szil\u00e1rd keretrendszerre van sz\u00fcks\u00e9g. Az egy\u00e9rtelm\u0171 projektstrukt\u00far\u00e1k, a nemzetk\u00f6zileg elismert min\u0151s\u00e9gbiztos\u00edt\u00e1si m\u00f3dszerek \u00e9s az \u00e1tl\u00e1that\u00f3 jelent\u00e9st\u00e9tel garant\u00e1lj\u00e1k, hogy az \u00fcgyfelek orsz\u00e1ghat\u00e1rokon \u00e1tny\u00fal\u00f3an ugyanazt a sz\u00ednvonalat kapj\u00e1k a szakmais\u00e1g, a nyomon k\u00f6vethet\u0151s\u00e9g \u00e9s a kommunik\u00e1ci\u00f3 ter\u00e9n.<\/p>\n<p>A bizalom egy m\u00e1sik fontos t\u00e9nyez\u0151. Egy er\u0151s, megb\u00edzhat\u00f3 partner ny\u00edltan kommunik\u00e1l a jelenlegi helyzetr\u0151l, a fennmarad\u00f3 kock\u00e1zatokr\u00f3l, a felel\u0151ss\u00e9gi k\u00f6r\u00f6kr\u0151l \u00e9s a k\u00f6vetkez\u0151 l\u00e9p\u00e9sekr\u0151l.<\/p>\n<p>A redi-Group ezt a region\u00e1lis szak\u00e9rtelmet <strong>30 \u00e9vnyi nemzetk\u00f6zi projekt tapasztalat\u00e1val \u00e9s a vil\u00e1gszerte v\u00e9grehajtott \u00fcgyf\u00e9lprojektekb\u0151l sz\u00e1rmaz\u00f3 \u00e1tfog\u00f3 szak\u00e9rtelemmel<\/strong> \u00f6tv\u00f6zi <strong>.<\/strong><\/p>\n<p>Ez a tapasztalat k\u00f6z\u00f6s alapot jelent region\u00e1lis csapataink sz\u00e1m\u00e1ra. A helysz\u00edni m\u00e9rn\u00f6k\u00f6k rugalmasan \u00e9s az \u00fcgyfelek ig\u00e9nyeinek megfelel\u0151en tudnak dolgozni, mik\u00f6zben t\u00e1maszkodhatnak a bev\u00e1lt m\u00f3dszerekre, a projektszerkezetekre \u00e9s a redi-csoport teljes h\u00e1l\u00f3zat\u00e1nak szak\u00e9rtelm\u00e9re.<\/p>\n<p><strong>\u201eA siker legfontosabb t\u00e9nyez\u0151je a helyi jelenl\u00e9t \u00e9s az egys\u00e9ges nemzetk\u00f6zi szabv\u00e1nyok \u00f6tv\u00f6z\u00e9se.\u201d<\/strong><\/p>\n<h2><strong>A n\u00f6vekv\u0151 \u00f6sszetetts\u00e9g sz\u00e9lesebb k\u00f6r\u0171 min\u0151s\u00e9gbiztos\u00edt\u00e1si szak\u00e9rtelmet ig\u00e9nyel<\/strong><\/h2>\n<h3><strong>A j\u00f6v\u0151re tekintve: Mely trendek fogj\u00e1k meghat\u00e1rozni a kelet-eur\u00f3pai gy\u00e1rt\u00f3ipart az elk\u00f6vetkez\u0151 \u00e9vekben?<\/strong><\/h3>\n<p>Az elektromobilit\u00e1s \u00e9s az akkumul\u00e1torgy\u00e1rt\u00e1s tov\u00e1bbra is fontos hajt\u00f3er\u0151k maradnak, de a v\u00e1ltoz\u00e1s tov\u00e1bbra is \u00f6sszetett marad.<\/p>\n<p>A hagyom\u00e1nyos, hibrid \u00e9s elektromos hajt\u00e1srendszerek v\u00e1rhat\u00f3an m\u00e9g egy ideig egym\u00e1s mellett fognak l\u00e9tezni. Ez\u00e1ltal n\u0151ni fog a szak\u00e9rtelem ir\u00e1nti ig\u00e9ny olyan ter\u00fcleteken, mint az elektronika, a nagyfesz\u00fclts\u00e9g\u0171 rendszerek, a m\u0171szaki tisztas\u00e1g, a nyomonk\u00f6vethet\u0151s\u00e9g \u00e9s a folyamatbiztons\u00e1g.<\/p>\n<p>A digitaliz\u00e1ci\u00f3 \u00e9s a mesters\u00e9ges intelligencia is egyre nagyobb hat\u00e1ssal lesz a min\u0151s\u00e9gir\u00e1ny\u00edt\u00e1sra. Az automatiz\u00e1lt ellen\u0151rz\u00e9si elj\u00e1r\u00e1sok, a val\u00f3s idej\u0171 folyamatfel\u00fcgyelet \u00e9s az adatalap\u00fa min\u0151s\u00e9gi elemz\u00e9sek lehet\u0151v\u00e9 teszik, hogy ne csak a hib\u00e1kat ismerj\u00fck fel, hanem egyre ink\u00e1bb a folyamatbeli v\u00e1ltoz\u00e1sokat is azonos\u00edtsuk, miel\u0151tt azok komolyabb min\u0151s\u00e9gi probl\u00e9m\u00e1khoz vezetn\u00e9nek.<\/p>\n<p>Az aut\u00f3iparon t\u00falmen\u0151en tov\u00e1bbi lehet\u0151s\u00e9geket l\u00e1tok olyan \u00e1gazatokban is, mint a rep\u00fcl\u0151g\u00e9p- \u00e9s \u0171ripar, a v\u00e9delmi ipar \u00e9s a g\u00e9pgy\u00e1rt\u00e1s. Ezek az \u00e1gazatok hasonl\u00f3an magas k\u00f6vetelm\u00e9nyeket t\u00e1masztanak a folyamatstabilit\u00e1s, a dokument\u00e1ci\u00f3, a besz\u00e1ll\u00edt\u00f3i teljes\u00edtm\u00e9ny \u00e9s a nyomonk\u00f6vethet\u0151s\u00e9g tekintet\u00e9ben.<\/p>\n<p>A fenntarthat\u00f3s\u00e1g \u00e9s az er\u0151forr\u00e1s-hat\u00e9konys\u00e1g is nagyobb szerepet fog j\u00e1tszani.<\/p>\n<p>A struktur\u00e1lt besz\u00e1ll\u00edt\u00f3fejleszt\u00e9s is egyre nagyobb jelent\u0151s\u00e9gre tesz szert. A v\u00e1llalatoknak kor\u00e1bban kell felismerni\u00fck a kock\u00e1zatokat, szisztematikusan fejleszteni\u00fck kell a besz\u00e1ll\u00edt\u00f3kat, \u00e9s orsz\u00e1ghat\u00e1rokon \u00e1tny\u00fal\u00f3, stabil min\u0151s\u00e9gbiztos\u00edt\u00e1si strukt\u00far\u00e1kat kell ki\u00e9p\u00edteni\u00fck, ahelyett, hogy csak akkor reag\u00e1ln\u00e1nak, amikor a probl\u00e9ma m\u00e1r felmer\u00fclt.<\/p>\n<p>A v\u00e1llalatoknak olyan partnerekre lesz sz\u00fcks\u00e9g\u00fck, akik k\u00e9pesek \u00f6sszekapcsolni a helyi operat\u00edv kapacit\u00e1sokat, a m\u0171szaki szak\u00e9rtelmet, a digit\u00e1lis eszk\u00f6z\u00f6ket \u00e9s a t\u00f6bb orsz\u00e1gra kiterjed\u0151, struktur\u00e1lt besz\u00e1ll\u00edt\u00f3i fejleszt\u00e9st.<\/p>\n<h2><strong>Helyi szak\u00e9rtelem komplex ell\u00e1t\u00e1si l\u00e1ncokhoz<\/strong><\/h2>\n<p>Kelet-Eur\u00f3pa tov\u00e1bbra is fontos szerepet fog j\u00e1tszani az eur\u00f3pai gy\u00e1rt\u00f3iparban. A n\u00f6vekv\u0151 beruh\u00e1z\u00e1sok, a technol\u00f3giai fejl\u0151d\u00e9s \u00e9s az ell\u00e1t\u00e1si l\u00e1ncok egyre nagyobb \u00f6sszetetts\u00e9ge azonban a gy\u00e1rt\u00f3kkal \u00e9s besz\u00e1ll\u00edt\u00f3kkal szemben t\u00e1masztott k\u00f6vetelm\u00e9nyeket is megv\u00e1ltoztatja.<\/p>\n<p>A gyors reag\u00e1l\u00e1si id\u0151 tov\u00e1bbra is elengedhetetlen, ha min\u0151s\u00e9gi probl\u00e9m\u00e1k mer\u00fclnek fel. A tart\u00f3s min\u0151s\u00e9g azonban egyre ink\u00e1bb a folyamatok ter\u00e9n szerzett szak\u00e9rtelemt\u0151l, a struktur\u00e1lt besz\u00e1ll\u00edt\u00f3i fejleszt\u00e9st\u0151l, valamint att\u00f3l f\u00fcgg, hogy k\u00e9pesek vagyunk-e a projekteket hat\u00e1rokon \u00e1tny\u00fal\u00f3an k\u00f6vetkezetesen ir\u00e1ny\u00edtani.<\/p>\n<p>A nemzetk\u00f6zi v\u00e1llalatok sz\u00e1m\u00e1ra elengedhetetlen, hogy a glob\u00e1lis min\u0151s\u00e9gi k\u00f6vetelm\u00e9nyeket a helysz\u00ednen t\u00f6rt\u00e9n\u0151 hat\u00e9kony operat\u00edv v\u00e9grehajt\u00e1ssal \u00f6tv\u00f6zz\u00e9k. Egy olyan region\u00e1lis partner, aki helyi m\u0171szaki szak\u00e9rtelemmel \u00e9s nemzetk\u00f6zi projekt tapasztalattal rendelkezik, seg\u00edthet ennek a hi\u00e1nyoss\u00e1gnak a p\u00f3tl\u00e1s\u00e1ban.<\/p>\n<h2><strong>Kelet-Eur\u00f3p\u00e1ban tervez valamilyen projektet?<\/strong><\/h2>\n<p>Legyen sz\u00f3 besz\u00e1ll\u00edt\u00f3i fejleszt\u00e9sr\u0151l, helysz\u00edni m\u00e9rn\u00f6ki t\u00e1mogat\u00e1sr\u00f3l, auditokr\u00f3l, gy\u00e1rt\u00e1st\u00e1mogat\u00e1sr\u00f3l vagy r\u00f6vid t\u00e1v\u00fa, helysz\u00edni min\u0151s\u00e9gbiztos\u00edt\u00e1sr\u00f3l \u2013 a redi-Group a region\u00e1lis jelenl\u00e9tet \u00f6tv\u00f6zi 30 \u00e9vnyi nemzetk\u00f6zi min\u0151s\u00e9gbiztos\u00edt\u00e1si tapasztalattal.<\/p>\n<p><strong><a href=\"https:\/\/redi-group.com\/hu\/contact\/\">Besz\u00e9ljen szak\u00e9rt\u0151inkkel<\/a> a kelet-eur\u00f3pai min\u0151s\u00e9gi k\u00f6vetelm\u00e9nyeir\u0151l. <\/strong><\/p>\n<p><strong>redi Hungary Bt.<\/strong><br \/>\n1112 Budapest,<br \/>\nRep\u00fcl\u0151t\u00e9ri \u00fat 2\/A<br \/>\n<a href=\"mailto:office.hu@redi-group.com\" target=\"_blank\" rel=\"noopener\">office.hu@redi-group.com<\/a><br \/>\nT +36 70 589 6229<\/p>\n<p>&nbsp;<\/p>\n","protected":false},"excerpt":{"rendered":"<p>Kelet-Eur\u00f3pa az eur\u00f3pai ipari szf\u00e9ra egyre fontosabb r\u00e9sz\u00e9v\u00e9 v\u00e1lt. A m\u00e1r megl\u00e9v\u0151 aut\u00f3ipari klaszterek, az \u00faj beruh\u00e1z\u00e1sok, a nearshoring \u00e9s&#8230;<\/p>\n","protected":false},"author":5,"featured_media":6634,"comment_status":"open","ping_status":"open","sticky":false,"template":"","format":"standard","meta":{"_acf_changed":false,"footnotes":""},"categories":[72],"tags":[],"class_list":["post-6635","post","type-post","status-publish","format-standard","has-post-thumbnail","hentry","category-nincs-kategoriaba-sorolva"],"acf":[],"_links":{"self":[{"href":"https:\/\/redi-group.com\/hu\/wp-json\/wp\/v2\/posts\/6635","targetHints":{"allow":["GET"]}}],"collection":[{"href":"https:\/\/redi-group.com\/hu\/wp-json\/wp\/v2\/posts"}],"about":[{"href":"https:\/\/redi-group.com\/hu\/wp-json\/wp\/v2\/types\/post"}],"author":[{"embeddable":true,"href":"https:\/\/redi-group.com\/hu\/wp-json\/wp\/v2\/users\/5"}],"replies":[{"embeddable":true,"href":"https:\/\/redi-group.com\/hu\/wp-json\/wp\/v2\/comments?post=6635"}],"version-history":[{"count":1,"href":"https:\/\/redi-group.com\/hu\/wp-json\/wp\/v2\/posts\/6635\/revisions"}],"predecessor-version":[{"id":6646,"href":"https:\/\/redi-group.com\/hu\/wp-json\/wp\/v2\/posts\/6635\/revisions\/6646"}],"wp:featuredmedia":[{"embeddable":true,"href":"https:\/\/redi-group.com\/hu\/wp-json\/wp\/v2\/media\/6634"}],"wp:attachment":[{"href":"https:\/\/redi-group.com\/hu\/wp-json\/wp\/v2\/media?parent=6635"}],"wp:term":[{"taxonomy":"category","embeddable":true,"href":"https:\/\/redi-group.com\/hu\/wp-json\/wp\/v2\/categories?post=6635"},{"taxonomy":"post_tag","embeddable":true,"href":"https:\/\/redi-group.com\/hu\/wp-json\/wp\/v2\/tags?post=6635"}],"curies":[{"name":"wp","href":"https:\/\/api.w.org\/{rel}","templated":true}]}}